{"id":7256,"date":"2025-10-27T12:12:28","date_gmt":"2025-10-27T11:12:28","guid":{"rendered":"https:\/\/www.vitamixespana.com\/recetas\/?p=7256"},"modified":"2025-10-27T13:56:13","modified_gmt":"2025-10-27T12:56:13","slug":"guiso-legumes-amendoim-maafe","status":"publish","type":"post","link":"https:\/\/www.vitamixportugal.com\/recetas\/principais\/guiso-legumes-amendoim-maafe\/","title":{"rendered":"Guiso de legumes e amendoim maafe"},"content":{"rendered":"<figure id=\"attachment_7249\" aria-describedby=\"caption-attachment-7249\" style=\"width: 900px\" class=\"wp-caption alignnone\"><img decoding=\"async\" class=\"wp-image-7249 size-full\" title=\"maafe: um guiso de legumes e amendoim\" src=\"https:\/\/www.vitamixespana.com\/recetas\/wp-content\/uploads\/2025\/10\/guiso-de-verduras-1.jpg\" alt=\"maafe: um guiso de legumes e amendoim\" width=\"900\" height=\"600\" srcset=\"https:\/\/www.vitamixportugal.com\/recetas\/wp-content\/uploads\/2025\/10\/guiso-de-verduras-1.jpg 900w, https:\/\/www.vitamixportugal.com\/recetas\/wp-content\/uploads\/2025\/10\/guiso-de-verduras-1-300x200.jpg 300w, https:\/\/www.vitamixportugal.com\/recetas\/wp-content\/uploads\/2025\/10\/guiso-de-verduras-1-768x512.jpg 768w, https:\/\/www.vitamixportugal.com\/recetas\/wp-content\/uploads\/2025\/10\/guiso-de-verduras-1-272x182.jpg 272w\" sizes=\"(max-width: 900px) 100vw, 900px\" \/><figcaption id=\"caption-attachment-7249\" class=\"wp-caption-text\">Um guiso de legumes e amendoim que o transportar\u00e1 instantaneamente.<\/figcaption><\/figure>\n<h2>Maafe vegetal: o guiso de legumes e amendoim africano que reconforta o corpo e a alma<\/h2>\n<p>A comida reconfortante da \u00c1frica Ocidental chega \u00e0 sua mesa numa vers\u00e3o vegetal: um<strong> guiso de legumes e amendoim<\/strong> t\u00e3o nutritivo quanto saboroso, com o equil\u00edbrio perfeito entre do\u00e7ura, picante e cremosidade. Este <strong>maafe vegetariano<\/strong> combina vegetais (tomates, batatas-doces, batatas, cenouras e pimenta panamenha) para oferecer um prato cheio de cor, sabor e energia.<\/p>\n<p>Com o seu <a href=\"https:\/\/www.vitamixportugal.com\/vitamix-explorian\/1386-batidora-vitamix-explorian-e510-negra.html\">liquidificador Vitamix<\/a>, preparar este guisado \u00e9 mais f\u00e1cil e r\u00e1pido do que nunca: permite ajustar o picado ao seu gosto, para obter as texturas perfeitas. Uma base cheia de sabor que se integra perfeitamente com os legumes cozidos. Assim, obtemos misturas equilibradas e aveludadas sem esfor\u00e7o. Ajuste o n\u00edvel de picante ao seu gosto (pode usar pimentas mais suaves e mais ou menos quantidade de pimenta panamenha) e deixe este prato transport\u00e1-lo para o cora\u00e7\u00e3o quente e picante de \u00c1frica.<\/p>\n<p>Gostou desta receita? Descubra mais ideias reconfortantes no blog: <a href=\"https:\/\/www.vitamixportugal.com\/recetas\/sopas-e-cremes\/sopa-legumes-dumplings\/\">sopa de legumes e dumplings<\/a>, <a href=\"https:\/\/www.vitamixportugal.com\/recetas\/todas-as-receitas\/frappe-cafe-caramelo-salgado-miso\/\">caf\u00e9 frapp\u00e9 com caramelo de miso<\/a> ou <a href=\"https:\/\/www.vitamixportugal.com\/recetas\/principais\/caril-vermelho-camaroes-arroz\/\">caril vermelho de camar\u00e3o com arroz<\/a>.<\/p>\n<div class=\"easyrecipe mceNonEditable\" data-rating=\"0\"> \t<link itemprop=\"image\" href=\"https:\/\/www.vitamixportugal.com\/recetas\/wp-content\/uploads\/2025\/10\/guiso-de-verduras-D-1152x720.jpg\" \/>\n<div class=\"item ERName\">Receita de guiso de legumes e amendoim maafe<\/div>\n<div class=\"ERClear\"><\/div>\n<div class=\"ERHead\"><span class=\"xlate\">Recipe Type<\/span>: <span class=\"type\">Principais<\/span><\/div>\n<div class=\"ERHead\">Author: <span class=\"author\">Vitamix<\/span><\/div>\n<div class=\"ERHead\">Prep time: <time itemprop=\"prepTime\" datetime=\"PT10M\">10 mins<\/time><\/div>\n<div class=\"ERHead\">Cook time: <time itemprop=\"cookTime\" datetime=\"PT25M\">25 mins<\/time><\/div>\n<div class=\"ERHead\">Total time: <time itemprop=\"totalTime\" datetime=\"PT35M\">35 mins<\/time><\/div>\n<div class=\"ERHead\">Serves: <span class=\"yield\">4<\/span><\/div>\n<div class=\"ERIngredients\">\n<div class=\"ERIngredientsHeader\">Ingredients<\/div>\n<ul class=\"ingredients\">\n<li class=\"ingredient\">2 tomates m\u00e9dios cortados ao meio (300 g)<\/li>\n<li class=\"ingredient\">5 dentes de alho descascados (25 g)<\/li>\n<li class=\"ingredient\">\u00bc ch\u00e1vena de folhas de salsa fresca (8 g)<\/li>\n<li class=\"ingredient\">1 cebola amarela descascada e cortada ao meio (180 g)<\/li>\n<li class=\"ingredient\">1 colher de sopa de \u00f3leo vegetal<\/li>\n<li class=\"ingredient\">\u00bd colher de sopa de p\u00e1prica defumada<\/li>\n<li class=\"ingredient\">\u00bd colher de ch\u00e1 de pimenta preta mo\u00edda<\/li>\n<li class=\"ingredient\">\u00bd ch\u00e1vena de manteiga de amendoim<\/li>\n<li class=\"ingredient\">2 \u00bd ch\u00e1venas de caldo de legumes, mais se necess\u00e1rio<\/li>\n<li class=\"ingredient\">1 batata cortada em cubos (150 g)<\/li>\n<li class=\"ingredient\">1 batata-doce pequena cortada em cubos (150 g)<\/li>\n<li class=\"ingredient\">2 cenouras m\u00e9dias cortadas em rodelas grandes (150 g)<\/li>\n<li class=\"ingredient\">1 malagueta panamenha \u2013 opcional (15 g)<\/li>\n<li class=\"ingredient\">1 colher de ch\u00e1 de sal<\/li>\n<\/ul>\n<\/div>\n<div class=\"ERInstructions\">\n<div class=\"ERInstructionsHeader\">Instructions<\/div>\n<div class=\"instructions\">\n<ol>\n<li class=\"instruction\">Coloque os tomates, o alho, a salsa e metade da cebola no copo do Vitamix, na ordem indicada, e feche bem a tampa.<\/li>\n<li class=\"instruction\">Selecione a velocidade 1 e aumente progressivamente at\u00e9 a velocidade 7. Bata por 10 a 20 segundos, usando o empurrador para empurrar os ingredientes em dire\u00e7\u00e3o \u00e0s l\u00e2minas. O molho deve ficar homog\u00e9neo, mas n\u00e3o cremoso.<\/li>\n<li class=\"instruction\">Pique grosseiramente a outra metade da cebola. Aque\u00e7a uma panela grande em lume m\u00e9dio e adicione o azeite. Refogue a cebola picada durante 2 a 3 minutos, at\u00e9 ficar macia. Despeje os ingredientes triturados na panela. Adicione o piment\u00e3o defumado e a pimenta. Refogue por cerca de 8 minutos, at\u00e9 come\u00e7ar a engrossar, mexendo frequentemente para evitar que queime.<\/li>\n<li class=\"instruction\">Adicione \u00bd ch\u00e1vena de manteiga de amendoim, o caldo de legumes, a batata, a batata-doce, as cenouras, a malagueta e o sal. Misture bem e continue a cozinhar em lume m\u00e9dio at\u00e9 que os legumes estejam cozidos, cerca de 10-15 minutos mais.<\/li>\n<li class=\"instruction\">Retire a malagueta. Se o guisado estiver muito l\u00edquido, deixe cozinhar por mais alguns minutos para engrossar. Se estiver muito espesso, adicione um pouco de caldo de legumes ou \u00e1gua para diluir. Sirva com arroz cozido no vapor ou cuscuz e decore com amendoins picados e salsa fresca.<\/li>\n<\/ol>\n<\/div>\n<\/div>\n<div class=\"ERNutrition\"><\/div>\n<div class=\"endeasyrecipe\" style=\"display: none;\">3.3.3077<\/div>\n<\/div>\n<p>&nbsp;<\/p>\n","protected":false},"excerpt":{"rendered":"<p>A comida reconfortante da \u00c1frica Ocidental chega \u00e0 sua mesa com este maafe, um guiso de legumes e amendoim que conquista e nutre profundamente.<\/p>\n","protected":false},"author":5,"featured_media":7250,"comment_status":"open","ping_status":"open","sticky":false,"template":"","format":"standard","meta":{"footnotes":""},"categories":[377,190],"tags":[],"class_list":["post-7256","post","type-post","status-publish","format-standard","has-post-thumbnail","hentry","category-principais","category-todas-as-receitas","course-principais"],"yoast_head":"<!-- This site is optimized with the Yoast SEO plugin v26.1 - https:\/\/yoast.com\/wordpress\/plugins\/seo\/ -->\n<title>Receita de guiso de legumes e amendoim - Blog Vitamix<\/title>\n<meta name=\"description\" content=\"A comida reconfortante da \u00c1frica Ocidental chega \u00e0 sua mesa com este maafe, um guiso de legumes e amendoim que conquista e nutre.\" \/>\n<meta name=\"robots\" content=\"index, follow, max-snippet:-1, max-image-preview:large, max-video-preview:-1\" \/>\n<link rel=\"canonical\" href=\"https:\/\/www.vitamixportugal.com\/recetas\/principais\/guiso-legumes-amendoim-maafe\/\" \/>\n<meta property=\"og:locale\" content=\"pt_PT\" \/>\n<meta property=\"og:type\" content=\"article\" \/>\n<meta property=\"og:title\" content=\"Receita de guiso de legumes e amendoim - Blog Vitamix\" \/>\n<meta property=\"og:description\" content=\"A comida reconfortante da \u00c1frica Ocidental chega \u00e0 sua mesa com este maafe, um guiso de legumes e amendoim que conquista e nutre.\" \/>\n<meta property=\"og:url\" content=\"https:\/\/www.vitamixportugal.com\/recetas\/principais\/guiso-legumes-amendoim-maafe\/\" \/>\n<meta property=\"og:site_name\" content=\"Recetas Vitamix\" \/>\n<meta property=\"article:published_time\" content=\"2025-10-27T11:12:28+00:00\" \/>\n<meta property=\"article:modified_time\" content=\"2025-10-27T12:56:13+00:00\" \/>\n<meta property=\"og:image\" content=\"https:\/\/www.vitamixportugal.com\/recetas\/wp-content\/uploads\/2025\/10\/guiso-de-verduras-D.jpg\" \/>\n\t<meta property=\"og:image:width\" content=\"1200\" \/>\n\t<meta property=\"og:image:height\" content=\"750\" \/>\n\t<meta property=\"og:image:type\" content=\"image\/jpeg\" \/>\n<meta name=\"author\" content=\"Vitamix\" \/>\n<meta name=\"twitter:card\" content=\"summary_large_image\" \/>\n<meta name=\"twitter:label1\" content=\"Escrito por\" \/>\n\t<meta name=\"twitter:data1\" content=\"Vitamix\" \/>\n\t<meta name=\"twitter:label2\" content=\"Tempo estimado de leitura\" \/>\n\t<meta name=\"twitter:data2\" content=\"3 minutos\" \/>\n<script type=\"application\/ld+json\" class=\"yoast-schema-graph\">{\"@context\":\"https:\/\/schema.org\",\"@graph\":[{\"@type\":\"WebPage\",\"@id\":\"https:\/\/www.vitamixportugal.com\/recetas\/principais\/guiso-legumes-amendoim-maafe\/\",\"url\":\"https:\/\/www.vitamixportugal.com\/recetas\/principais\/guiso-legumes-amendoim-maafe\/\",\"name\":\"Receita de guiso de legumes e amendoim - Blog Vitamix\",\"isPartOf\":{\"@id\":\"https:\/\/www.vitamixespana.com\/recetas\/#website\"},\"primaryImageOfPage\":{\"@id\":\"https:\/\/www.vitamixportugal.com\/recetas\/principais\/guiso-legumes-amendoim-maafe\/#primaryimage\"},\"image\":{\"@id\":\"https:\/\/www.vitamixportugal.com\/recetas\/principais\/guiso-legumes-amendoim-maafe\/#primaryimage\"},\"thumbnailUrl\":\"https:\/\/www.vitamixportugal.com\/recetas\/wp-content\/uploads\/2025\/10\/guiso-de-verduras-D.jpg\",\"datePublished\":\"2025-10-27T11:12:28+00:00\",\"dateModified\":\"2025-10-27T12:56:13+00:00\",\"author\":{\"@id\":\"https:\/\/www.vitamixespana.com\/recetas\/#\/schema\/person\/9d8af3bac991b88daf19dcf3de3ee640\"},\"description\":\"A comida reconfortante da \u00c1frica Ocidental chega \u00e0 sua mesa com este maafe, um guiso de legumes e amendoim que conquista e nutre.\",\"breadcrumb\":{\"@id\":\"https:\/\/www.vitamixportugal.com\/recetas\/principais\/guiso-legumes-amendoim-maafe\/#breadcrumb\"},\"inLanguage\":\"pt-PT\",\"potentialAction\":[{\"@type\":\"ReadAction\",\"target\":[\"https:\/\/www.vitamixportugal.com\/recetas\/principais\/guiso-legumes-amendoim-maafe\/\"]}]},{\"@type\":\"ImageObject\",\"inLanguage\":\"pt-PT\",\"@id\":\"https:\/\/www.vitamixportugal.com\/recetas\/principais\/guiso-legumes-amendoim-maafe\/#primaryimage\",\"url\":\"https:\/\/www.vitamixportugal.com\/recetas\/wp-content\/uploads\/2025\/10\/guiso-de-verduras-D.jpg\",\"contentUrl\":\"https:\/\/www.vitamixportugal.com\/recetas\/wp-content\/uploads\/2025\/10\/guiso-de-verduras-D.jpg\",\"width\":1200,\"height\":750},{\"@type\":\"BreadcrumbList\",\"@id\":\"https:\/\/www.vitamixportugal.com\/recetas\/principais\/guiso-legumes-amendoim-maafe\/#breadcrumb\",\"itemListElement\":[{\"@type\":\"ListItem\",\"position\":1,\"name\":\"In\u00edcio\",\"item\":\"https:\/\/www.vitamixportugal.com\/\"},{\"@type\":\"ListItem\",\"position\":2,\"name\":\"Recetas\",\"item\":\"https:\/\/www.vitamixespana.com\/recetas\/\"},{\"@type\":\"ListItem\",\"position\":3,\"name\":\"Principais\",\"item\":\"https:\/\/www.vitamixportugal.com\/recetas\/principais\/\"},{\"@type\":\"ListItem\",\"position\":4,\"name\":\"Guiso de legumes e amendoim maafe\"}]},{\"@type\":\"WebSite\",\"@id\":\"https:\/\/www.vitamixespana.com\/recetas\/#website\",\"url\":\"https:\/\/www.vitamixespana.com\/recetas\/\",\"name\":\"Recetas Vitamix\",\"description\":\"Recetas realizadas con Vitamix, la mejor batidora.\",\"potentialAction\":[{\"@type\":\"SearchAction\",\"target\":{\"@type\":\"EntryPoint\",\"urlTemplate\":\"https:\/\/www.vitamixespana.com\/recetas\/?s={search_term_string}\"},\"query-input\":{\"@type\":\"PropertyValueSpecification\",\"valueRequired\":true,\"valueName\":\"search_term_string\"}}],\"inLanguage\":\"pt-PT\"},{\"@type\":\"Person\",\"@id\":\"https:\/\/www.vitamixespana.com\/recetas\/#\/schema\/person\/9d8af3bac991b88daf19dcf3de3ee640\",\"name\":\"Vitamix\",\"image\":{\"@type\":\"ImageObject\",\"inLanguage\":\"pt-PT\",\"@id\":\"https:\/\/www.vitamixespana.com\/recetas\/#\/schema\/person\/image\/\",\"url\":\"https:\/\/secure.gravatar.com\/avatar\/544d3ac2e667f33d9f9ba512916125d2aa55c01a5d27c5f9d7ae94c56eb6cea7?s=96&d=mm&r=g\",\"contentUrl\":\"https:\/\/secure.gravatar.com\/avatar\/544d3ac2e667f33d9f9ba512916125d2aa55c01a5d27c5f9d7ae94c56eb6cea7?s=96&d=mm&r=g\",\"caption\":\"Vitamix\"}}]}<\/script>\n<!-- \/ Yoast SEO plugin. -->","yoast_head_json":{"title":"Receita de guiso de legumes e amendoim - Blog Vitamix","description":"A comida reconfortante da \u00c1frica Ocidental chega \u00e0 sua mesa com este maafe, um guiso de legumes e amendoim que conquista e nutre.","robots":{"index":"index","follow":"follow","max-snippet":"max-snippet:-1","max-image-preview":"max-image-preview:large","max-video-preview":"max-video-preview:-1"},"canonical":"https:\/\/www.vitamixportugal.com\/recetas\/principais\/guiso-legumes-amendoim-maafe\/","og_locale":"pt_PT","og_type":"article","og_title":"Receita de guiso de legumes e amendoim - Blog Vitamix","og_description":"A comida reconfortante da \u00c1frica Ocidental chega \u00e0 sua mesa com este maafe, um guiso de legumes e amendoim que conquista e nutre.","og_url":"https:\/\/www.vitamixportugal.com\/recetas\/principais\/guiso-legumes-amendoim-maafe\/","og_site_name":"Recetas Vitamix","article_published_time":"2025-10-27T11:12:28+00:00","article_modified_time":"2025-10-27T12:56:13+00:00","og_image":[{"width":1200,"height":750,"url":"https:\/\/www.vitamixportugal.com\/recetas\/wp-content\/uploads\/2025\/10\/guiso-de-verduras-D.jpg","type":"image\/jpeg"}],"author":"Vitamix","twitter_card":"summary_large_image","twitter_misc":{"Escrito por":"Vitamix","Tempo estimado de leitura":"3 minutos"},"schema":{"@context":"https:\/\/schema.org","@graph":[{"@type":"WebPage","@id":"https:\/\/www.vitamixportugal.com\/recetas\/principais\/guiso-legumes-amendoim-maafe\/","url":"https:\/\/www.vitamixportugal.com\/recetas\/principais\/guiso-legumes-amendoim-maafe\/","name":"Receita de guiso de legumes e amendoim - Blog Vitamix","isPartOf":{"@id":"https:\/\/www.vitamixespana.com\/recetas\/#website"},"primaryImageOfPage":{"@id":"https:\/\/www.vitamixportugal.com\/recetas\/principais\/guiso-legumes-amendoim-maafe\/#primaryimage"},"image":{"@id":"https:\/\/www.vitamixportugal.com\/recetas\/principais\/guiso-legumes-amendoim-maafe\/#primaryimage"},"thumbnailUrl":"https:\/\/www.vitamixportugal.com\/recetas\/wp-content\/uploads\/2025\/10\/guiso-de-verduras-D.jpg","datePublished":"2025-10-27T11:12:28+00:00","dateModified":"2025-10-27T12:56:13+00:00","author":{"@id":"https:\/\/www.vitamixespana.com\/recetas\/#\/schema\/person\/9d8af3bac991b88daf19dcf3de3ee640"},"description":"A comida reconfortante da \u00c1frica Ocidental chega \u00e0 sua mesa com este maafe, um guiso de legumes e amendoim que conquista e nutre.","breadcrumb":{"@id":"https:\/\/www.vitamixportugal.com\/recetas\/principais\/guiso-legumes-amendoim-maafe\/#breadcrumb"},"inLanguage":"pt-PT","potentialAction":[{"@type":"ReadAction","target":["https:\/\/www.vitamixportugal.com\/recetas\/principais\/guiso-legumes-amendoim-maafe\/"]}]},{"@type":"ImageObject","inLanguage":"pt-PT","@id":"https:\/\/www.vitamixportugal.com\/recetas\/principais\/guiso-legumes-amendoim-maafe\/#primaryimage","url":"https:\/\/www.vitamixportugal.com\/recetas\/wp-content\/uploads\/2025\/10\/guiso-de-verduras-D.jpg","contentUrl":"https:\/\/www.vitamixportugal.com\/recetas\/wp-content\/uploads\/2025\/10\/guiso-de-verduras-D.jpg","width":1200,"height":750},{"@type":"BreadcrumbList","@id":"https:\/\/www.vitamixportugal.com\/recetas\/principais\/guiso-legumes-amendoim-maafe\/#breadcrumb","itemListElement":[{"@type":"ListItem","position":1,"name":"In\u00edcio","item":"https:\/\/www.vitamixportugal.com\/"},{"@type":"ListItem","position":2,"name":"Recetas","item":"https:\/\/www.vitamixespana.com\/recetas\/"},{"@type":"ListItem","position":3,"name":"Principais","item":"https:\/\/www.vitamixportugal.com\/recetas\/principais\/"},{"@type":"ListItem","position":4,"name":"Guiso de legumes e amendoim maafe"}]},{"@type":"WebSite","@id":"https:\/\/www.vitamixespana.com\/recetas\/#website","url":"https:\/\/www.vitamixespana.com\/recetas\/","name":"Recetas Vitamix","description":"Recetas realizadas con Vitamix, la mejor batidora.","potentialAction":[{"@type":"SearchAction","target":{"@type":"EntryPoint","urlTemplate":"https:\/\/www.vitamixespana.com\/recetas\/?s={search_term_string}"},"query-input":{"@type":"PropertyValueSpecification","valueRequired":true,"valueName":"search_term_string"}}],"inLanguage":"pt-PT"},{"@type":"Person","@id":"https:\/\/www.vitamixespana.com\/recetas\/#\/schema\/person\/9d8af3bac991b88daf19dcf3de3ee640","name":"Vitamix","image":{"@type":"ImageObject","inLanguage":"pt-PT","@id":"https:\/\/www.vitamixespana.com\/recetas\/#\/schema\/person\/image\/","url":"https:\/\/secure.gravatar.com\/avatar\/544d3ac2e667f33d9f9ba512916125d2aa55c01a5d27c5f9d7ae94c56eb6cea7?s=96&d=mm&r=g","contentUrl":"https:\/\/secure.gravatar.com\/avatar\/544d3ac2e667f33d9f9ba512916125d2aa55c01a5d27c5f9d7ae94c56eb6cea7?s=96&d=mm&r=g","caption":"Vitamix"}}]}},"_links":{"self":[{"href":"https:\/\/www.vitamixportugal.com\/recetas\/wp-json\/wp\/v2\/posts\/7256","targetHints":{"allow":["GET"]}}],"collection":[{"href":"https:\/\/www.vitamixportugal.com\/recetas\/wp-json\/wp\/v2\/posts"}],"about":[{"href":"https:\/\/www.vitamixportugal.com\/recetas\/wp-json\/wp\/v2\/types\/post"}],"author":[{"embeddable":true,"href":"https:\/\/www.vitamixportugal.com\/recetas\/wp-json\/wp\/v2\/users\/5"}],"replies":[{"embeddable":true,"href":"https:\/\/www.vitamixportugal.com\/recetas\/wp-json\/wp\/v2\/comments?post=7256"}],"version-history":[{"count":3,"href":"https:\/\/www.vitamixportugal.com\/recetas\/wp-json\/wp\/v2\/posts\/7256\/revisions"}],"predecessor-version":[{"id":7259,"href":"https:\/\/www.vitamixportugal.com\/recetas\/wp-json\/wp\/v2\/posts\/7256\/revisions\/7259"}],"wp:featuredmedia":[{"embeddable":true,"href":"https:\/\/www.vitamixportugal.com\/recetas\/wp-json\/wp\/v2\/media\/7250"}],"wp:attachment":[{"href":"https:\/\/www.vitamixportugal.com\/recetas\/wp-json\/wp\/v2\/media?parent=7256"}],"wp:term":[{"taxonomy":"category","embeddable":true,"href":"https:\/\/www.vitamixportugal.com\/recetas\/wp-json\/wp\/v2\/categories?post=7256"},{"taxonomy":"post_tag","embeddable":true,"href":"https:\/\/www.vitamixportugal.com\/recetas\/wp-json\/wp\/v2\/tags?post=7256"}],"curies":[{"name":"wp","href":"https:\/\/api.w.org\/{rel}","templated":true}]}}