{"id":6572,"date":"2024-05-14T11:49:02","date_gmt":"2024-05-14T09:49:02","guid":{"rendered":"https:\/\/www.vitamixespana.com\/recetas\/?p=6572"},"modified":"2024-05-14T11:49:02","modified_gmt":"2024-05-14T09:49:02","slug":"tarte-maca-avo","status":"publish","type":"post","link":"https:\/\/www.vitamixportugal.com\/recetas\/sobremesas-pt-pt\/tarte-maca-avo\/","title":{"rendered":"Tarte de ma\u00e7\u00e3 da av\u00f3"},"content":{"rendered":"<figure id=\"attachment_6562\" aria-describedby=\"caption-attachment-6562\" style=\"width: 900px\" class=\"wp-caption alignnone\"><img decoding=\"async\" class=\"wp-image-6562 size-full\" title=\"tarte de ma\u00e7\u00e3\" src=\"https:\/\/www.vitamixespana.com\/recetas\/wp-content\/uploads\/2024\/05\/tarta-de-manzana-de-la-abuela-1.jpg\" alt=\"tarte de ma\u00e7\u00e3\" width=\"900\" height=\"600\" srcset=\"https:\/\/www.vitamixportugal.com\/recetas\/wp-content\/uploads\/2024\/05\/tarta-de-manzana-de-la-abuela-1.jpg 900w, https:\/\/www.vitamixportugal.com\/recetas\/wp-content\/uploads\/2024\/05\/tarta-de-manzana-de-la-abuela-1-300x200.jpg 300w, https:\/\/www.vitamixportugal.com\/recetas\/wp-content\/uploads\/2024\/05\/tarta-de-manzana-de-la-abuela-1-768x512.jpg 768w, https:\/\/www.vitamixportugal.com\/recetas\/wp-content\/uploads\/2024\/05\/tarta-de-manzana-de-la-abuela-1-272x182.jpg 272w\" sizes=\"(max-width: 900px) 100vw, 900px\" \/><figcaption id=\"caption-attachment-6562\" class=\"wp-caption-text\">Cozinhar ma\u00e7\u00e3s \u00e9 um tributo \u00e0 do\u00e7ura e ao lar. E esta tarte de ma\u00e7\u00e3 \u00e9 uma amostra disso mesmo.<\/figcaption><\/figure>\n<h2>TARTE DE MA\u00c7\u00c3 DA AV\u00d3: UM CL\u00c1SSICO PARA TODA A FAM\u00cdLIA<\/h2>\n<p>H\u00e1 poucas receitas que resistam t\u00e3o bem ao teste do tempo como a <strong>tarte de ma\u00e7\u00e3<\/strong>. Talvez seja pela sua textura esponjosa ou pela sua do\u00e7ura envolvente, a verdade \u00e9 que esta \u00e9 uma das sobremesas que quereremos sempre repetir, gera\u00e7\u00e3o ap\u00f3s gera\u00e7\u00e3o.<\/p>\n<p>Nesta ocasi\u00e3o, estamos a fazer uma vers\u00e3o de uma receita herdada da fam\u00edlia Vitamix: a tarte de ma\u00e7\u00e3 da av\u00f3 Carpenter. E fazemo-lo com uma base de pasta de t\u00e2maras que fazemos na pr\u00f3pria <a href=\"https:\/\/www.vitamixportugal.com\/vitamix-serie-ascent\/1353-vitamix-ascent-2500i-blanco.html\">liquidificadora Vitamix<\/a>. Al\u00e9m disso, as t\u00e2maras conferem um sabor extra ao resultado, que combina na perfei\u00e7\u00e3o com as especiarias utilizadas e o pur\u00e9 de ab\u00f3bora.<\/p>\n<p>Desfrute de outras propostas igualmente inspiradoras, como o <a href=\"https:\/\/www.vitamixportugal.com\/recetas\/todas-as-receitas\/brownie-chocolate-farinha-integral\/\">brownie de chocolate com farinha integral<\/a> ou as <a href=\"https:\/\/www.vitamixportugal.com\/recetas\/todas-as-receitas\/bolachas-amendoas-caseiras\/\">bolachas de am\u00eandoas caseiras<\/a>.<\/p>\n<div class=\"easyrecipe mceNonEditable\" data-rating=\"0\"> \t<link itemprop=\"image\" href=\"https:\/\/www.vitamixportugal.com\/recetas\/wp-content\/uploads\/2024\/05\/tarta-de-manzana-de-la-abuela-D-1152x720.jpg\" \/>\n<div class=\"item ERName\">Receita da tarte de ma\u00e7\u00e3 da av\u00f3<\/div>\n<div class=\"ERClear\"><\/div>\n<div class=\"ERHead\"><span class=\"xlate\">Recipe Type<\/span>: <span class=\"type\">sobremesas<\/span><\/div>\n<div class=\"ERHead\">Author: <span class=\"author\">Vitamix<\/span><\/div>\n<div class=\"ERHead\">Prep time: <time itemprop=\"prepTime\" datetime=\"PT10M\">10 mins<\/time><\/div>\n<div class=\"ERHead\">Cook time: <time itemprop=\"cookTime\" datetime=\"PT30M\">30 mins<\/time><\/div>\n<div class=\"ERHead\">Total time: <time itemprop=\"totalTime\" datetime=\"PT40M\">40 mins<\/time><\/div>\n<div class=\"ERHead\">Serves: <span class=\"yield\">12<\/span><\/div>\n<div class=\"ERIngredients\">\n<div class=\"ERIngredientsHeader\">Ingredients<\/div>\n<ul class=\"ingredients\">\n<li class=\"ingredient\">32 t\u00e2maras Medjool, sem caro\u00e7o<\/li>\n<li class=\"ingredient\">\u00bd ch\u00e1vena de compota de ma\u00e7\u00e3 (120 g)<\/li>\n<li class=\"ingredient\">\u00bd ch\u00e1vena de pur\u00e9 de ab\u00f3bora (120 g)<\/li>\n<li class=\"ingredient\">4 ch\u00e1venas de ma\u00e7\u00e3s cortadas em cubos (500 g)<\/li>\n<li class=\"ingredient\">1 ch\u00e1vena de nozes (120 g)<\/li>\n<li class=\"ingredient\">\u00bd colher de ch\u00e1 de sal<\/li>\n<li class=\"ingredient\">2 ch\u00e1venas de farinha de trigo integral (260 g)<\/li>\n<li class=\"ingredient\">2 colheres de ch\u00e1 de bicarbonato de s\u00f3dio<\/li>\n<li class=\"ingredient\">1 colher de ch\u00e1 de fermento em p\u00f3<\/li>\n<li class=\"ingredient\">1 colher de ch\u00e1 de canela em p\u00f3<\/li>\n<li class=\"ingredient\">1 colher de ch\u00e1 de noz-moscada em p\u00f3<\/li>\n<\/ul>\n<\/div>\n<div class=\"ERInstructions\">\n<div class=\"ERInstructionsHeader\">Instructions<\/div>\n<div class=\"instructions\">\n<ol>\n<li class=\"instruction\">Coloque as t\u00e2maras numa tigela funda, adicionando \u00e1gua a ferver apenas para as cobrir. Deixe repousar durante 2 horas. Coe e reserve \u00bc de ch\u00e1vena do l\u00edquido.<\/li>\n<li class=\"instruction\">Pr\u00e9-aque\u00e7a o forno a 175 \u00baC. Unte uma forma refrat\u00e1ria de 23 x 33 cm.<\/li>\n<li class=\"instruction\">Coloque as t\u00e2maras e \u00bc de ch\u00e1vena do l\u00edquido reservado no recipiente do liquidificador Vitamix e feche bem a tampa. Selecione a velocidade 1. Ligue o misturador e aumente gradualmente a velocidade at\u00e9 \u00e0 pot\u00eancia m\u00e1xima. Misture durante 40-50 segundos. Obt\u00e9m 2 ch\u00e1venas de pasta de t\u00e2maras.<\/li>\n<li class=\"instruction\">Adicione a compota de ma\u00e7\u00e3, o pur\u00e9 de ab\u00f3bora e o sal e prima a tecla PULSE durante 10-15 vezes para integrar os l\u00edquidos.<\/li>\n<li class=\"instruction\">Verta para uma tigela. Adicione as ma\u00e7\u00e3s cortadas em cubos e as nozes e misture com uma esp\u00e1tula. Adicione o resto dos ingredientes secos, gradualmente, enquanto mistura at\u00e9 obter uma consist\u00eancia uniforme.<\/li>\n<li class=\"instruction\">Deite a mistura resultante na forma. Coloque no forno pr\u00e9-aquecido e deixe cozer durante 30 minutos ou at\u00e9 que um palito saia limpo.<\/li>\n<\/ol>\n<\/div>\n<\/div>\n<div class=\"ERNutrition\"><\/div>\n<div class=\"endeasyrecipe\" style=\"display: none;\">3.3.3077<\/div>\n<\/div>\n<p>&nbsp;<\/p>\n","protected":false},"excerpt":{"rendered":"<p>Alguns cl\u00e1ssicos nunca passam de moda: a tarte de ma\u00e7\u00e3 \u00e9 um deles. Esta receita, ado\u00e7ada com t\u00e2maras, \u00e9 muito tenra e reconfortante.<\/p>\n","protected":false},"author":5,"featured_media":6563,"comment_status":"open","ping_status":"open","sticky":false,"template":"","format":"standard","meta":{"footnotes":""},"categories":[353,190],"tags":[],"class_list":["post-6572","post","type-post","status-publish","format-standard","has-post-thumbnail","hentry","category-sobremesas-pt-pt","category-todas-as-receitas","course-sobremesas"],"yoast_head":"<!-- This site is optimized with the Yoast SEO plugin v26.1 - https:\/\/yoast.com\/wordpress\/plugins\/seo\/ -->\n<title>Receita de tarte de ma\u00e7\u00e3 - Blog Vitamix<\/title>\n<meta name=\"description\" content=\"Alguns cl\u00e1ssicos nunca passam de moda: a tarte de ma\u00e7\u00e3 \u00e9 um deles. Esta receita, ado\u00e7ada com t\u00e2maras, \u00e9 muito tenra e reconfortante.\" \/>\n<meta name=\"robots\" content=\"index, follow, max-snippet:-1, max-image-preview:large, max-video-preview:-1\" \/>\n<link rel=\"canonical\" href=\"https:\/\/www.vitamixportugal.com\/recetas\/sobremesas-pt-pt\/tarte-maca-avo\/\" \/>\n<meta property=\"og:locale\" content=\"pt_PT\" \/>\n<meta property=\"og:type\" content=\"article\" \/>\n<meta property=\"og:title\" content=\"Receita de tarte de ma\u00e7\u00e3 - Blog Vitamix\" \/>\n<meta property=\"og:description\" content=\"Alguns cl\u00e1ssicos nunca passam de moda: a tarte de ma\u00e7\u00e3 \u00e9 um deles. Esta receita, ado\u00e7ada com t\u00e2maras, \u00e9 muito tenra e reconfortante.\" \/>\n<meta property=\"og:url\" content=\"https:\/\/www.vitamixportugal.com\/recetas\/sobremesas-pt-pt\/tarte-maca-avo\/\" \/>\n<meta property=\"og:site_name\" content=\"Recetas Vitamix\" \/>\n<meta property=\"article:published_time\" content=\"2024-05-14T09:49:02+00:00\" \/>\n<meta property=\"og:image\" content=\"https:\/\/www.vitamixportugal.com\/recetas\/wp-content\/uploads\/2024\/05\/tarta-de-manzana-de-la-abuela-D.jpg\" \/>\n\t<meta property=\"og:image:width\" content=\"1200\" \/>\n\t<meta property=\"og:image:height\" content=\"750\" \/>\n\t<meta property=\"og:image:type\" content=\"image\/jpeg\" \/>\n<meta name=\"author\" content=\"Vitamix\" \/>\n<meta name=\"twitter:card\" content=\"summary_large_image\" \/>\n<meta name=\"twitter:label1\" content=\"Escrito por\" \/>\n\t<meta name=\"twitter:data1\" content=\"Vitamix\" \/>\n\t<meta name=\"twitter:label2\" content=\"Tempo estimado de leitura\" \/>\n\t<meta name=\"twitter:data2\" content=\"3 minutos\" \/>\n<script type=\"application\/ld+json\" class=\"yoast-schema-graph\">{\"@context\":\"https:\/\/schema.org\",\"@graph\":[{\"@type\":\"WebPage\",\"@id\":\"https:\/\/www.vitamixportugal.com\/recetas\/sobremesas-pt-pt\/tarte-maca-avo\/\",\"url\":\"https:\/\/www.vitamixportugal.com\/recetas\/sobremesas-pt-pt\/tarte-maca-avo\/\",\"name\":\"Receita de tarte de ma\u00e7\u00e3 - Blog Vitamix\",\"isPartOf\":{\"@id\":\"https:\/\/www.vitamixespana.com\/recetas\/#website\"},\"primaryImageOfPage\":{\"@id\":\"https:\/\/www.vitamixportugal.com\/recetas\/sobremesas-pt-pt\/tarte-maca-avo\/#primaryimage\"},\"image\":{\"@id\":\"https:\/\/www.vitamixportugal.com\/recetas\/sobremesas-pt-pt\/tarte-maca-avo\/#primaryimage\"},\"thumbnailUrl\":\"https:\/\/www.vitamixportugal.com\/recetas\/wp-content\/uploads\/2024\/05\/tarta-de-manzana-de-la-abuela-D.jpg\",\"datePublished\":\"2024-05-14T09:49:02+00:00\",\"author\":{\"@id\":\"https:\/\/www.vitamixespana.com\/recetas\/#\/schema\/person\/9d8af3bac991b88daf19dcf3de3ee640\"},\"description\":\"Alguns cl\u00e1ssicos nunca passam de moda: a tarte de ma\u00e7\u00e3 \u00e9 um deles. Esta receita, ado\u00e7ada com t\u00e2maras, \u00e9 muito tenra e reconfortante.\",\"breadcrumb\":{\"@id\":\"https:\/\/www.vitamixportugal.com\/recetas\/sobremesas-pt-pt\/tarte-maca-avo\/#breadcrumb\"},\"inLanguage\":\"pt-PT\",\"potentialAction\":[{\"@type\":\"ReadAction\",\"target\":[\"https:\/\/www.vitamixportugal.com\/recetas\/sobremesas-pt-pt\/tarte-maca-avo\/\"]}]},{\"@type\":\"ImageObject\",\"inLanguage\":\"pt-PT\",\"@id\":\"https:\/\/www.vitamixportugal.com\/recetas\/sobremesas-pt-pt\/tarte-maca-avo\/#primaryimage\",\"url\":\"https:\/\/www.vitamixportugal.com\/recetas\/wp-content\/uploads\/2024\/05\/tarta-de-manzana-de-la-abuela-D.jpg\",\"contentUrl\":\"https:\/\/www.vitamixportugal.com\/recetas\/wp-content\/uploads\/2024\/05\/tarta-de-manzana-de-la-abuela-D.jpg\",\"width\":1200,\"height\":750},{\"@type\":\"BreadcrumbList\",\"@id\":\"https:\/\/www.vitamixportugal.com\/recetas\/sobremesas-pt-pt\/tarte-maca-avo\/#breadcrumb\",\"itemListElement\":[{\"@type\":\"ListItem\",\"position\":1,\"name\":\"In\u00edcio\",\"item\":\"https:\/\/www.vitamixportugal.com\/\"},{\"@type\":\"ListItem\",\"position\":2,\"name\":\"Recetas\",\"item\":\"https:\/\/www.vitamixportugal.com\/recetas\/\"},{\"@type\":\"ListItem\",\"position\":3,\"name\":\"Sobremesas\",\"item\":\"https:\/\/www.vitamixportugal.com\/recetas\/sobremesas-pt-pt\/\"},{\"@type\":\"ListItem\",\"position\":4,\"name\":\"Tarte de ma\u00e7\u00e3 da av\u00f3\"}]},{\"@type\":\"WebSite\",\"@id\":\"https:\/\/www.vitamixespana.com\/recetas\/#website\",\"url\":\"https:\/\/www.vitamixespana.com\/recetas\/\",\"name\":\"Recetas Vitamix\",\"description\":\"Recetas realizadas con Vitamix, la mejor batidora.\",\"potentialAction\":[{\"@type\":\"SearchAction\",\"target\":{\"@type\":\"EntryPoint\",\"urlTemplate\":\"https:\/\/www.vitamixespana.com\/recetas\/?s={search_term_string}\"},\"query-input\":{\"@type\":\"PropertyValueSpecification\",\"valueRequired\":true,\"valueName\":\"search_term_string\"}}],\"inLanguage\":\"pt-PT\"},{\"@type\":\"Person\",\"@id\":\"https:\/\/www.vitamixespana.com\/recetas\/#\/schema\/person\/9d8af3bac991b88daf19dcf3de3ee640\",\"name\":\"Vitamix\",\"image\":{\"@type\":\"ImageObject\",\"inLanguage\":\"pt-PT\",\"@id\":\"https:\/\/www.vitamixespana.com\/recetas\/#\/schema\/person\/image\/\",\"url\":\"https:\/\/secure.gravatar.com\/avatar\/544d3ac2e667f33d9f9ba512916125d2aa55c01a5d27c5f9d7ae94c56eb6cea7?s=96&d=mm&r=g\",\"contentUrl\":\"https:\/\/secure.gravatar.com\/avatar\/544d3ac2e667f33d9f9ba512916125d2aa55c01a5d27c5f9d7ae94c56eb6cea7?s=96&d=mm&r=g\",\"caption\":\"Vitamix\"}}]}<\/script>\n<!-- \/ Yoast SEO plugin. -->","yoast_head_json":{"title":"Receita de tarte de ma\u00e7\u00e3 - Blog Vitamix","description":"Alguns cl\u00e1ssicos nunca passam de moda: a tarte de ma\u00e7\u00e3 \u00e9 um deles. Esta receita, ado\u00e7ada com t\u00e2maras, \u00e9 muito tenra e reconfortante.","robots":{"index":"index","follow":"follow","max-snippet":"max-snippet:-1","max-image-preview":"max-image-preview:large","max-video-preview":"max-video-preview:-1"},"canonical":"https:\/\/www.vitamixportugal.com\/recetas\/sobremesas-pt-pt\/tarte-maca-avo\/","og_locale":"pt_PT","og_type":"article","og_title":"Receita de tarte de ma\u00e7\u00e3 - Blog Vitamix","og_description":"Alguns cl\u00e1ssicos nunca passam de moda: a tarte de ma\u00e7\u00e3 \u00e9 um deles. Esta receita, ado\u00e7ada com t\u00e2maras, \u00e9 muito tenra e reconfortante.","og_url":"https:\/\/www.vitamixportugal.com\/recetas\/sobremesas-pt-pt\/tarte-maca-avo\/","og_site_name":"Recetas Vitamix","article_published_time":"2024-05-14T09:49:02+00:00","og_image":[{"width":1200,"height":750,"url":"https:\/\/www.vitamixportugal.com\/recetas\/wp-content\/uploads\/2024\/05\/tarta-de-manzana-de-la-abuela-D.jpg","type":"image\/jpeg"}],"author":"Vitamix","twitter_card":"summary_large_image","twitter_misc":{"Escrito por":"Vitamix","Tempo estimado de leitura":"3 minutos"},"schema":{"@context":"https:\/\/schema.org","@graph":[{"@type":"WebPage","@id":"https:\/\/www.vitamixportugal.com\/recetas\/sobremesas-pt-pt\/tarte-maca-avo\/","url":"https:\/\/www.vitamixportugal.com\/recetas\/sobremesas-pt-pt\/tarte-maca-avo\/","name":"Receita de tarte de ma\u00e7\u00e3 - Blog Vitamix","isPartOf":{"@id":"https:\/\/www.vitamixespana.com\/recetas\/#website"},"primaryImageOfPage":{"@id":"https:\/\/www.vitamixportugal.com\/recetas\/sobremesas-pt-pt\/tarte-maca-avo\/#primaryimage"},"image":{"@id":"https:\/\/www.vitamixportugal.com\/recetas\/sobremesas-pt-pt\/tarte-maca-avo\/#primaryimage"},"thumbnailUrl":"https:\/\/www.vitamixportugal.com\/recetas\/wp-content\/uploads\/2024\/05\/tarta-de-manzana-de-la-abuela-D.jpg","datePublished":"2024-05-14T09:49:02+00:00","author":{"@id":"https:\/\/www.vitamixespana.com\/recetas\/#\/schema\/person\/9d8af3bac991b88daf19dcf3de3ee640"},"description":"Alguns cl\u00e1ssicos nunca passam de moda: a tarte de ma\u00e7\u00e3 \u00e9 um deles. Esta receita, ado\u00e7ada com t\u00e2maras, \u00e9 muito tenra e reconfortante.","breadcrumb":{"@id":"https:\/\/www.vitamixportugal.com\/recetas\/sobremesas-pt-pt\/tarte-maca-avo\/#breadcrumb"},"inLanguage":"pt-PT","potentialAction":[{"@type":"ReadAction","target":["https:\/\/www.vitamixportugal.com\/recetas\/sobremesas-pt-pt\/tarte-maca-avo\/"]}]},{"@type":"ImageObject","inLanguage":"pt-PT","@id":"https:\/\/www.vitamixportugal.com\/recetas\/sobremesas-pt-pt\/tarte-maca-avo\/#primaryimage","url":"https:\/\/www.vitamixportugal.com\/recetas\/wp-content\/uploads\/2024\/05\/tarta-de-manzana-de-la-abuela-D.jpg","contentUrl":"https:\/\/www.vitamixportugal.com\/recetas\/wp-content\/uploads\/2024\/05\/tarta-de-manzana-de-la-abuela-D.jpg","width":1200,"height":750},{"@type":"BreadcrumbList","@id":"https:\/\/www.vitamixportugal.com\/recetas\/sobremesas-pt-pt\/tarte-maca-avo\/#breadcrumb","itemListElement":[{"@type":"ListItem","position":1,"name":"In\u00edcio","item":"https:\/\/www.vitamixportugal.com\/"},{"@type":"ListItem","position":2,"name":"Recetas","item":"https:\/\/www.vitamixportugal.com\/recetas\/"},{"@type":"ListItem","position":3,"name":"Sobremesas","item":"https:\/\/www.vitamixportugal.com\/recetas\/sobremesas-pt-pt\/"},{"@type":"ListItem","position":4,"name":"Tarte de ma\u00e7\u00e3 da av\u00f3"}]},{"@type":"WebSite","@id":"https:\/\/www.vitamixespana.com\/recetas\/#website","url":"https:\/\/www.vitamixespana.com\/recetas\/","name":"Recetas Vitamix","description":"Recetas realizadas con Vitamix, la mejor batidora.","potentialAction":[{"@type":"SearchAction","target":{"@type":"EntryPoint","urlTemplate":"https:\/\/www.vitamixespana.com\/recetas\/?s={search_term_string}"},"query-input":{"@type":"PropertyValueSpecification","valueRequired":true,"valueName":"search_term_string"}}],"inLanguage":"pt-PT"},{"@type":"Person","@id":"https:\/\/www.vitamixespana.com\/recetas\/#\/schema\/person\/9d8af3bac991b88daf19dcf3de3ee640","name":"Vitamix","image":{"@type":"ImageObject","inLanguage":"pt-PT","@id":"https:\/\/www.vitamixespana.com\/recetas\/#\/schema\/person\/image\/","url":"https:\/\/secure.gravatar.com\/avatar\/544d3ac2e667f33d9f9ba512916125d2aa55c01a5d27c5f9d7ae94c56eb6cea7?s=96&d=mm&r=g","contentUrl":"https:\/\/secure.gravatar.com\/avatar\/544d3ac2e667f33d9f9ba512916125d2aa55c01a5d27c5f9d7ae94c56eb6cea7?s=96&d=mm&r=g","caption":"Vitamix"}}]}},"_links":{"self":[{"href":"https:\/\/www.vitamixportugal.com\/recetas\/wp-json\/wp\/v2\/posts\/6572","targetHints":{"allow":["GET"]}}],"collection":[{"href":"https:\/\/www.vitamixportugal.com\/recetas\/wp-json\/wp\/v2\/posts"}],"about":[{"href":"https:\/\/www.vitamixportugal.com\/recetas\/wp-json\/wp\/v2\/types\/post"}],"author":[{"embeddable":true,"href":"https:\/\/www.vitamixportugal.com\/recetas\/wp-json\/wp\/v2\/users\/5"}],"replies":[{"embeddable":true,"href":"https:\/\/www.vitamixportugal.com\/recetas\/wp-json\/wp\/v2\/comments?post=6572"}],"version-history":[{"count":4,"href":"https:\/\/www.vitamixportugal.com\/recetas\/wp-json\/wp\/v2\/posts\/6572\/revisions"}],"predecessor-version":[{"id":6577,"href":"https:\/\/www.vitamixportugal.com\/recetas\/wp-json\/wp\/v2\/posts\/6572\/revisions\/6577"}],"wp:featuredmedia":[{"embeddable":true,"href":"https:\/\/www.vitamixportugal.com\/recetas\/wp-json\/wp\/v2\/media\/6563"}],"wp:attachment":[{"href":"https:\/\/www.vitamixportugal.com\/recetas\/wp-json\/wp\/v2\/media?parent=6572"}],"wp:term":[{"taxonomy":"category","embeddable":true,"href":"https:\/\/www.vitamixportugal.com\/recetas\/wp-json\/wp\/v2\/categories?post=6572"},{"taxonomy":"post_tag","embeddable":true,"href":"https:\/\/www.vitamixportugal.com\/recetas\/wp-json\/wp\/v2\/tags?post=6572"}],"curies":[{"name":"wp","href":"https:\/\/api.w.org\/{rel}","templated":true}]}}