{"id":6555,"date":"2024-04-30T16:45:00","date_gmt":"2024-04-30T14:45:00","guid":{"rendered":"https:\/\/www.vitamixespana.com\/recetas\/?p=6555"},"modified":"2024-04-30T16:45:00","modified_gmt":"2024-04-30T14:45:00","slug":"mistura-farinhas-sem-gluten","status":"publish","type":"post","link":"https:\/\/www.vitamixportugal.com\/recetas\/todas-as-receitas\/mistura-farinhas-sem-gluten\/","title":{"rendered":"Mistura de farinhas sem gl\u00faten"},"content":{"rendered":"<figure id=\"attachment_6549\" aria-describedby=\"caption-attachment-6549\" style=\"width: 900px\" class=\"wp-caption alignnone\"><img decoding=\"async\" class=\"wp-image-6549 size-full\" title=\"mistura de farinha sem gl\u00faten num copo de medi\u00e7\u00e3o\" src=\"https:\/\/www.vitamixportugal.com\/recetas\/wp-content\/uploads\/2024\/04\/mezcla-de-harinas-sin-gluten-1.jpg\" alt=\"mistura de farinha sem gl\u00faten num copo de medi\u00e7\u00e3o\" width=\"900\" height=\"600\" srcset=\"https:\/\/www.vitamixportugal.com\/recetas\/wp-content\/uploads\/2024\/04\/mezcla-de-harinas-sin-gluten-1.jpg 900w, https:\/\/www.vitamixportugal.com\/recetas\/wp-content\/uploads\/2024\/04\/mezcla-de-harinas-sin-gluten-1-300x200.jpg 300w, https:\/\/www.vitamixportugal.com\/recetas\/wp-content\/uploads\/2024\/04\/mezcla-de-harinas-sin-gluten-1-768x512.jpg 768w, https:\/\/www.vitamixportugal.com\/recetas\/wp-content\/uploads\/2024\/04\/mezcla-de-harinas-sin-gluten-1-272x182.jpg 272w\" sizes=\"(max-width: 900px) 100vw, 900px\" \/><figcaption id=\"caption-attachment-6549\" class=\"wp-caption-text\">Explore novas possibilidades com esta rica mistura de farinha sem gl\u00faten.<\/figcaption><\/figure>\n<h2>Misturas de farinhas sem gl\u00faten: liberte as nuances da sua cozinha<\/h2>\n<p>Atualmente, existe uma infinidade de misturas de farinhas sem gl\u00faten no mercado, mas \u00e9 muito gratificante desfrutar de uma mistura caseira, preparada na hora, que mant\u00e9m as suas propriedades e aromas. Al\u00e9m disso, com a <a href=\"https:\/\/www.vitamixportugal.com\/vitamix-serie-ascent\/1372-pack-edicion-limitada-100-aniversario-a3500i-grafito.html\">liquidificadora Vitamix<\/a>, obtemos farinhas muito finas mesmo a partir dos ingredientes mais dif\u00edceis, como o gr\u00e3o-de-bico, e esta <strong>mistura de farinhas sem gl\u00faten<\/strong> \u00e9 a prova disso. Uma alternativa saborosa com uma base de leguminosas, o que a torna ainda mais rica em prote\u00ednas.<\/p>\n<p>Experimente fazer a sua pr\u00f3pria, trocando os ingredientes por outras leguminosas, cereais integrais e\/ou frutos secos e descubra um mundo de possibilidades.<\/p>\n<div class=\"easyrecipe mceNonEditable\" data-rating=\"0\"> \t<link itemprop=\"image\" href=\"https:\/\/www.vitamixportugal.com\/recetas\/wp-content\/uploads\/2024\/04\/mezcla-de-harinas-sin-gluten-D-1152x720.jpg\" \/>\n<div class=\"item ERName\">Receita de mistura de farinhas sem gl\u00faten<\/div>\n<div class=\"ERClear\"><\/div>\n<div class=\"ERHead\"><span class=\"xlate\">Recipe Type<\/span>: <span class=\"type\">farinhas<\/span><\/div>\n<div class=\"ERHead\">Author: <span class=\"author\">Vitamix<\/span><\/div>\n<div class=\"ERHead\">Prep time: <time itemprop=\"prepTime\" datetime=\"PT5M\">5 mins<\/time><\/div>\n<div class=\"ERHead\">Cook time: <time itemprop=\"cookTime\" datetime=\"PT1M\">1 min<\/time><\/div>\n<div class=\"ERHead\">Total time: <time itemprop=\"totalTime\" datetime=\"PT6M\">6 mins<\/time><\/div>\n<div class=\"ERHead\">Serves: <span class=\"yield\">6 copos<\/span><\/div>\n<div class=\"ERIngredients\">\n<div class=\"ERIngredientsHeader\">Ingredients<\/div>\n<ul class=\"ingredients\">\n<li class=\"ingredient\">2 copos de gr\u00e3o-de-bico seco (290 g)<\/li>\n<li class=\"ingredient\">2 copos de amido de milho (250 g)<\/li>\n<li class=\"ingredient\">2 copos de farinha de tapioca (200 g)<\/li>\n<\/ul>\n<\/div>\n<div class=\"ERInstructions\">\n<div class=\"ERInstructionsHeader\">Instructions<\/div>\n<div class=\"instructions\">\n<ol>\n<li class=\"instruction\">Coloque o gr\u00e3o-de-bico no jarro da Vitamix e feche bem a tampa.<\/li>\n<li class=\"instruction\">Seleccione a velocidade 1. Ligue o misturador e aumente gradualmente a velocidade at\u00e9 \u00e0 pot\u00eancia m\u00e1xima.<\/li>\n<li class=\"instruction\">Misture durante 45 a 60 segundos at\u00e9 o gr\u00e3o-de-bico ficar finamente triturado.<\/li>\n<li class=\"instruction\">Abra a tampa, adicione a farinha de milho e a farinha de tapioca e prima a tecla PULSE cerca de 5 vezes para que os ingredientes fiquem bem misturados.<\/li>\n<\/ol>\n<\/div>\n<\/div>\n<div class=\"ERNutrition\"><\/div>\n<div class=\"endeasyrecipe\" style=\"display: none;\">3.3.3077<\/div>\n<\/div>\n<p>&nbsp;<\/p>\n","protected":false},"excerpt":{"rendered":"<p>Se procura uma mistura de farinhas sem gl\u00faten, saborosa e que inclua leguminosas, esta \u00e9 a nossa preferida para todos os tipos de cozinhados!<\/p>\n","protected":false},"author":5,"featured_media":6550,"comment_status":"open","ping_status":"open","sticky":false,"template":"","format":"standard","meta":{"footnotes":""},"categories":[190],"tags":[],"class_list":["post-6555","post","type-post","status-publish","format-standard","has-post-thumbnail","hentry","category-todas-as-receitas","course-farinhas"],"yoast_head":"<!-- This site is optimized with the Yoast SEO plugin v26.1 - https:\/\/yoast.com\/wordpress\/plugins\/seo\/ -->\n<title>Mistura de farinhas sem gl\u00faten - Recetas Vitamix<\/title>\n<meta name=\"description\" content=\"Se procura uma mistura de farinhas sem gl\u00faten, saborosa e que inclua leguminosas, esta \u00e9 a nossa preferida para todos os tipos de cozinhados!\" \/>\n<meta name=\"robots\" content=\"index, follow, max-snippet:-1, max-image-preview:large, max-video-preview:-1\" \/>\n<link rel=\"canonical\" href=\"https:\/\/www.vitamixespana.com\/recetas\/panes-masas\/mezcla-harinas-sin-gluten\/\" \/>\n<meta property=\"og:locale\" content=\"pt_PT\" \/>\n<meta property=\"og:type\" content=\"article\" \/>\n<meta property=\"og:title\" content=\"Mistura de farinhas sem gl\u00faten - Recetas Vitamix\" \/>\n<meta property=\"og:description\" content=\"Se procura uma mistura de farinhas sem gl\u00faten, saborosa e que inclua leguminosas, esta \u00e9 a nossa preferida para todos os tipos de cozinhados!\" \/>\n<meta property=\"og:url\" content=\"https:\/\/www.vitamixespana.com\/recetas\/panes-masas\/mezcla-harinas-sin-gluten\/\" \/>\n<meta property=\"og:site_name\" content=\"Recetas Vitamix\" \/>\n<meta property=\"article:published_time\" content=\"2024-04-30T14:45:00+00:00\" \/>\n<meta property=\"og:image\" content=\"https:\/\/www.vitamixespana.com\/recetas\/wp-content\/uploads\/2024\/04\/mezcla-de-harinas-sin-gluten-D.jpg\" \/>\n\t<meta property=\"og:image:width\" content=\"1200\" \/>\n\t<meta property=\"og:image:height\" content=\"750\" \/>\n\t<meta property=\"og:image:type\" content=\"image\/jpeg\" \/>\n<meta name=\"author\" content=\"Vitamix\" \/>\n<meta name=\"twitter:card\" content=\"summary_large_image\" \/>\n<meta name=\"twitter:label1\" content=\"Escrito por\" \/>\n\t<meta name=\"twitter:data1\" content=\"Vitamix\" \/>\n\t<meta name=\"twitter:label2\" content=\"Tempo estimado de leitura\" \/>\n\t<meta name=\"twitter:data2\" content=\"2 minutos\" \/>\n<script type=\"application\/ld+json\" class=\"yoast-schema-graph\">{\"@context\":\"https:\/\/schema.org\",\"@graph\":[{\"@type\":\"WebPage\",\"@id\":\"https:\/\/www.vitamixespana.com\/recetas\/panes-masas\/mezcla-harinas-sin-gluten\/\",\"url\":\"https:\/\/www.vitamixespana.com\/recetas\/panes-masas\/mezcla-harinas-sin-gluten\/\",\"name\":\"Mistura de farinhas sem gl\u00faten - Recetas Vitamix\",\"isPartOf\":{\"@id\":\"https:\/\/www.vitamixespana.com\/recetas\/#website\"},\"primaryImageOfPage\":{\"@id\":\"https:\/\/www.vitamixespana.com\/recetas\/panes-masas\/mezcla-harinas-sin-gluten\/#primaryimage\"},\"image\":{\"@id\":\"https:\/\/www.vitamixespana.com\/recetas\/panes-masas\/mezcla-harinas-sin-gluten\/#primaryimage\"},\"thumbnailUrl\":\"https:\/\/www.vitamixportugal.com\/recetas\/wp-content\/uploads\/2024\/04\/mezcla-de-harinas-sin-gluten-D.jpg\",\"datePublished\":\"2024-04-30T14:45:00+00:00\",\"author\":{\"@id\":\"https:\/\/www.vitamixespana.com\/recetas\/#\/schema\/person\/9d8af3bac991b88daf19dcf3de3ee640\"},\"description\":\"Se procura uma mistura de farinhas sem gl\u00faten, saborosa e que inclua leguminosas, esta \u00e9 a nossa preferida para todos os tipos de cozinhados!\",\"breadcrumb\":{\"@id\":\"https:\/\/www.vitamixespana.com\/recetas\/panes-masas\/mezcla-harinas-sin-gluten\/#breadcrumb\"},\"inLanguage\":\"pt-PT\",\"potentialAction\":[{\"@type\":\"ReadAction\",\"target\":[\"https:\/\/www.vitamixespana.com\/recetas\/panes-masas\/mezcla-harinas-sin-gluten\/\"]}]},{\"@type\":\"ImageObject\",\"inLanguage\":\"pt-PT\",\"@id\":\"https:\/\/www.vitamixespana.com\/recetas\/panes-masas\/mezcla-harinas-sin-gluten\/#primaryimage\",\"url\":\"https:\/\/www.vitamixportugal.com\/recetas\/wp-content\/uploads\/2024\/04\/mezcla-de-harinas-sin-gluten-D.jpg\",\"contentUrl\":\"https:\/\/www.vitamixportugal.com\/recetas\/wp-content\/uploads\/2024\/04\/mezcla-de-harinas-sin-gluten-D.jpg\",\"width\":1200,\"height\":750},{\"@type\":\"BreadcrumbList\",\"@id\":\"https:\/\/www.vitamixespana.com\/recetas\/panes-masas\/mezcla-harinas-sin-gluten\/#breadcrumb\",\"itemListElement\":[{\"@type\":\"ListItem\",\"position\":1,\"name\":\"In\u00edcio\",\"item\":\"https:\/\/www.vitamixportugal.com\/\"},{\"@type\":\"ListItem\",\"position\":2,\"name\":\"Recetas\",\"item\":\"https:\/\/www.vitamixespana.com\/recetas\/\"},{\"@type\":\"ListItem\",\"position\":3,\"name\":\"Todas las recetas\",\"item\":\"https:\/\/www.vitamixespana.com\/recetas\/sin-categorizar\/\"},{\"@type\":\"ListItem\",\"position\":4,\"name\":\"Mistura de farinhas sem gl\u00faten\"}]},{\"@type\":\"WebSite\",\"@id\":\"https:\/\/www.vitamixespana.com\/recetas\/#website\",\"url\":\"https:\/\/www.vitamixespana.com\/recetas\/\",\"name\":\"Recetas Vitamix\",\"description\":\"Recetas realizadas con Vitamix, la mejor batidora.\",\"potentialAction\":[{\"@type\":\"SearchAction\",\"target\":{\"@type\":\"EntryPoint\",\"urlTemplate\":\"https:\/\/www.vitamixespana.com\/recetas\/?s={search_term_string}\"},\"query-input\":{\"@type\":\"PropertyValueSpecification\",\"valueRequired\":true,\"valueName\":\"search_term_string\"}}],\"inLanguage\":\"pt-PT\"},{\"@type\":\"Person\",\"@id\":\"https:\/\/www.vitamixespana.com\/recetas\/#\/schema\/person\/9d8af3bac991b88daf19dcf3de3ee640\",\"name\":\"Vitamix\",\"image\":{\"@type\":\"ImageObject\",\"inLanguage\":\"pt-PT\",\"@id\":\"https:\/\/www.vitamixespana.com\/recetas\/#\/schema\/person\/image\/\",\"url\":\"https:\/\/secure.gravatar.com\/avatar\/544d3ac2e667f33d9f9ba512916125d2aa55c01a5d27c5f9d7ae94c56eb6cea7?s=96&d=mm&r=g\",\"contentUrl\":\"https:\/\/secure.gravatar.com\/avatar\/544d3ac2e667f33d9f9ba512916125d2aa55c01a5d27c5f9d7ae94c56eb6cea7?s=96&d=mm&r=g\",\"caption\":\"Vitamix\"}}]}<\/script>\n<!-- \/ Yoast SEO plugin. -->","yoast_head_json":{"title":"Mistura de farinhas sem gl\u00faten - Recetas Vitamix","description":"Se procura uma mistura de farinhas sem gl\u00faten, saborosa e que inclua leguminosas, esta \u00e9 a nossa preferida para todos os tipos de cozinhados!","robots":{"index":"index","follow":"follow","max-snippet":"max-snippet:-1","max-image-preview":"max-image-preview:large","max-video-preview":"max-video-preview:-1"},"canonical":"https:\/\/www.vitamixespana.com\/recetas\/panes-masas\/mezcla-harinas-sin-gluten\/","og_locale":"pt_PT","og_type":"article","og_title":"Mistura de farinhas sem gl\u00faten - Recetas Vitamix","og_description":"Se procura uma mistura de farinhas sem gl\u00faten, saborosa e que inclua leguminosas, esta \u00e9 a nossa preferida para todos os tipos de cozinhados!","og_url":"https:\/\/www.vitamixespana.com\/recetas\/panes-masas\/mezcla-harinas-sin-gluten\/","og_site_name":"Recetas Vitamix","article_published_time":"2024-04-30T14:45:00+00:00","og_image":[{"width":1200,"height":750,"url":"https:\/\/www.vitamixespana.com\/recetas\/wp-content\/uploads\/2024\/04\/mezcla-de-harinas-sin-gluten-D.jpg","type":"image\/jpeg"}],"author":"Vitamix","twitter_card":"summary_large_image","twitter_misc":{"Escrito por":"Vitamix","Tempo estimado de leitura":"2 minutos"},"schema":{"@context":"https:\/\/schema.org","@graph":[{"@type":"WebPage","@id":"https:\/\/www.vitamixespana.com\/recetas\/panes-masas\/mezcla-harinas-sin-gluten\/","url":"https:\/\/www.vitamixespana.com\/recetas\/panes-masas\/mezcla-harinas-sin-gluten\/","name":"Mistura de farinhas sem gl\u00faten - Recetas Vitamix","isPartOf":{"@id":"https:\/\/www.vitamixespana.com\/recetas\/#website"},"primaryImageOfPage":{"@id":"https:\/\/www.vitamixespana.com\/recetas\/panes-masas\/mezcla-harinas-sin-gluten\/#primaryimage"},"image":{"@id":"https:\/\/www.vitamixespana.com\/recetas\/panes-masas\/mezcla-harinas-sin-gluten\/#primaryimage"},"thumbnailUrl":"https:\/\/www.vitamixportugal.com\/recetas\/wp-content\/uploads\/2024\/04\/mezcla-de-harinas-sin-gluten-D.jpg","datePublished":"2024-04-30T14:45:00+00:00","author":{"@id":"https:\/\/www.vitamixespana.com\/recetas\/#\/schema\/person\/9d8af3bac991b88daf19dcf3de3ee640"},"description":"Se procura uma mistura de farinhas sem gl\u00faten, saborosa e que inclua leguminosas, esta \u00e9 a nossa preferida para todos os tipos de cozinhados!","breadcrumb":{"@id":"https:\/\/www.vitamixespana.com\/recetas\/panes-masas\/mezcla-harinas-sin-gluten\/#breadcrumb"},"inLanguage":"pt-PT","potentialAction":[{"@type":"ReadAction","target":["https:\/\/www.vitamixespana.com\/recetas\/panes-masas\/mezcla-harinas-sin-gluten\/"]}]},{"@type":"ImageObject","inLanguage":"pt-PT","@id":"https:\/\/www.vitamixespana.com\/recetas\/panes-masas\/mezcla-harinas-sin-gluten\/#primaryimage","url":"https:\/\/www.vitamixportugal.com\/recetas\/wp-content\/uploads\/2024\/04\/mezcla-de-harinas-sin-gluten-D.jpg","contentUrl":"https:\/\/www.vitamixportugal.com\/recetas\/wp-content\/uploads\/2024\/04\/mezcla-de-harinas-sin-gluten-D.jpg","width":1200,"height":750},{"@type":"BreadcrumbList","@id":"https:\/\/www.vitamixespana.com\/recetas\/panes-masas\/mezcla-harinas-sin-gluten\/#breadcrumb","itemListElement":[{"@type":"ListItem","position":1,"name":"In\u00edcio","item":"https:\/\/www.vitamixportugal.com\/"},{"@type":"ListItem","position":2,"name":"Recetas","item":"https:\/\/www.vitamixespana.com\/recetas\/"},{"@type":"ListItem","position":3,"name":"Todas las recetas","item":"https:\/\/www.vitamixespana.com\/recetas\/sin-categorizar\/"},{"@type":"ListItem","position":4,"name":"Mistura de farinhas sem gl\u00faten"}]},{"@type":"WebSite","@id":"https:\/\/www.vitamixespana.com\/recetas\/#website","url":"https:\/\/www.vitamixespana.com\/recetas\/","name":"Recetas Vitamix","description":"Recetas realizadas con Vitamix, la mejor batidora.","potentialAction":[{"@type":"SearchAction","target":{"@type":"EntryPoint","urlTemplate":"https:\/\/www.vitamixespana.com\/recetas\/?s={search_term_string}"},"query-input":{"@type":"PropertyValueSpecification","valueRequired":true,"valueName":"search_term_string"}}],"inLanguage":"pt-PT"},{"@type":"Person","@id":"https:\/\/www.vitamixespana.com\/recetas\/#\/schema\/person\/9d8af3bac991b88daf19dcf3de3ee640","name":"Vitamix","image":{"@type":"ImageObject","inLanguage":"pt-PT","@id":"https:\/\/www.vitamixespana.com\/recetas\/#\/schema\/person\/image\/","url":"https:\/\/secure.gravatar.com\/avatar\/544d3ac2e667f33d9f9ba512916125d2aa55c01a5d27c5f9d7ae94c56eb6cea7?s=96&d=mm&r=g","contentUrl":"https:\/\/secure.gravatar.com\/avatar\/544d3ac2e667f33d9f9ba512916125d2aa55c01a5d27c5f9d7ae94c56eb6cea7?s=96&d=mm&r=g","caption":"Vitamix"}}]}},"_links":{"self":[{"href":"https:\/\/www.vitamixportugal.com\/recetas\/wp-json\/wp\/v2\/posts\/6555","targetHints":{"allow":["GET"]}}],"collection":[{"href":"https:\/\/www.vitamixportugal.com\/recetas\/wp-json\/wp\/v2\/posts"}],"about":[{"href":"https:\/\/www.vitamixportugal.com\/recetas\/wp-json\/wp\/v2\/types\/post"}],"author":[{"embeddable":true,"href":"https:\/\/www.vitamixportugal.com\/recetas\/wp-json\/wp\/v2\/users\/5"}],"replies":[{"embeddable":true,"href":"https:\/\/www.vitamixportugal.com\/recetas\/wp-json\/wp\/v2\/comments?post=6555"}],"version-history":[{"count":1,"href":"https:\/\/www.vitamixportugal.com\/recetas\/wp-json\/wp\/v2\/posts\/6555\/revisions"}],"predecessor-version":[{"id":6557,"href":"https:\/\/www.vitamixportugal.com\/recetas\/wp-json\/wp\/v2\/posts\/6555\/revisions\/6557"}],"wp:featuredmedia":[{"embeddable":true,"href":"https:\/\/www.vitamixportugal.com\/recetas\/wp-json\/wp\/v2\/media\/6550"}],"wp:attachment":[{"href":"https:\/\/www.vitamixportugal.com\/recetas\/wp-json\/wp\/v2\/media?parent=6555"}],"wp:term":[{"taxonomy":"category","embeddable":true,"href":"https:\/\/www.vitamixportugal.com\/recetas\/wp-json\/wp\/v2\/categories?post=6555"},{"taxonomy":"post_tag","embeddable":true,"href":"https:\/\/www.vitamixportugal.com\/recetas\/wp-json\/wp\/v2\/tags?post=6555"}],"curies":[{"name":"wp","href":"https:\/\/api.w.org\/{rel}","templated":true}]}}